{"id":312,"date":"2015-07-28T10:40:12","date_gmt":"2015-07-28T10:40:12","guid":{"rendered":"http:\/\/waregne.be\/philomene\/?p=312"},"modified":"2021-06-03T16:40:48","modified_gmt":"2021-06-03T14:40:48","slug":"la-chapelle-du-piroy-devient-une-brasserie","status":"publish","type":"post","link":"https:\/\/brasserieduclocher.be\/philomene\/la-chapelle-du-piroy-devient-une-brasserie\/","title":{"rendered":"La chapelle du Piroy devient une brasserie"},"content":{"rendered":"<p>La chapelle du Piroy \u00e0 Malonne est en cours de d\u00e9sacralisation, l\u2019\u00e9difice n\u2019est plus utilis\u00e9 depuis 6 ans et tombe en d\u00e9cr\u00e9pitude. Deux malonnois ont d\u00e9cid\u00e9 de restaurer l\u2019\u00e9difice et d\u2019 y installer une micro-brasserie. D\u2019ici quelques mois donc, on y produira de la bi\u00e8re.<\/p>\n<div style=\"width: 640px;\" class=\"wp-video\"><!--[if lt IE 9]><script>document.createElement('video');<\/script><![endif]-->\n<video class=\"wp-video-shortcode\" id=\"video-312-1\" width=\"640\" height=\"360\" preload=\"metadata\" controls=\"controls\"><source type=\"video\/mp4\" src=\"http:\/\/video.canalc.be\/2015-07-28\/02.mp4?_=1\" \/><a href=\"http:\/\/video.canalc.be\/2015-07-28\/02.mp4\">http:\/\/video.canalc.be\/2015-07-28\/02.mp4<\/a><\/video><\/div>\n","protected":false},"excerpt":{"rendered":"<p>La chapelle du Piroy \u00e0 Malonne est en cours de d\u00e9sacralisation, l\u2019\u00e9difice n\u2019est plus utilis\u00e9 depuis 6 ans et tombe en d\u00e9cr\u00e9pitude. Deux malonnois ont d\u00e9cid\u00e9 de restaurer l\u2019\u00e9difice et d\u2019 y installer une micro-brasserie. D\u2019ici quelques mois donc, on y produira de la bi\u00e8re.<\/p>\n","protected":false},"author":1,"featured_media":268,"comment_status":"closed","ping_status":"open","sticky":false,"template":"","format":"video","meta":{"ngg_post_thumbnail":0,"footnotes":""},"categories":[3],"tags":[],"_links":{"self":[{"href":"https:\/\/brasserieduclocher.be\/philomene\/wp-json\/wp\/v2\/posts\/312"}],"collection":[{"href":"https:\/\/brasserieduclocher.be\/philomene\/wp-json\/wp\/v2\/posts"}],"about":[{"href":"https:\/\/brasserieduclocher.be\/philomene\/wp-json\/wp\/v2\/types\/post"}],"author":[{"embeddable":true,"href":"https:\/\/brasserieduclocher.be\/philomene\/wp-json\/wp\/v2\/users\/1"}],"replies":[{"embeddable":true,"href":"https:\/\/brasserieduclocher.be\/philomene\/wp-json\/wp\/v2\/comments?post=312"}],"version-history":[{"count":1,"href":"https:\/\/brasserieduclocher.be\/philomene\/wp-json\/wp\/v2\/posts\/312\/revisions"}],"predecessor-version":[{"id":1052,"href":"https:\/\/brasserieduclocher.be\/philomene\/wp-json\/wp\/v2\/posts\/312\/revisions\/1052"}],"wp:featuredmedia":[{"embeddable":true,"href":"https:\/\/brasserieduclocher.be\/philomene\/wp-json\/wp\/v2\/media\/268"}],"wp:attachment":[{"href":"https:\/\/brasserieduclocher.be\/philomene\/wp-json\/wp\/v2\/media?parent=312"}],"wp:term":[{"taxonomy":"category","embeddable":true,"href":"https:\/\/brasserieduclocher.be\/philomene\/wp-json\/wp\/v2\/categories?post=312"},{"taxonomy":"post_tag","embeddable":true,"href":"https:\/\/brasserieduclocher.be\/philomene\/wp-json\/wp\/v2\/tags?post=312"}],"curies":[{"name":"wp","href":"https:\/\/api.w.org\/{rel}","templated":true}]}}