{"id":270,"date":"2015-08-12T13:37:18","date_gmt":"2015-08-12T12:37:18","guid":{"rendered":"http:\/\/waregne.be\/philomene\/?p=270"},"modified":"2017-09-27T19:39:02","modified_gmt":"2017-09-27T18:39:02","slug":"la-chapelle-transformee-en-brasserie","status":"publish","type":"post","link":"https:\/\/brasserieduclocher.be\/philomene\/la-chapelle-transformee-en-brasserie\/","title":{"rendered":"La chapelle transform\u00e9e en brasserie"},"content":{"rendered":"<p>La chapelle du Piroy \u00e0 Malonne accueillera prochainement la Brasserie du Clocher, d\u2019ici f\u00e9vrier. Port\u00e9e par un duo de deux Malonnois, elle produira des bi\u00e8res artisanales. Les habitants de l\u2019entit\u00e9 semblent favorables au projet.<\/p>\n<p>La chapelle du Piroy \u00e0 Malonne abritera prochainement la Brasserie du Clocher. Jean Cheffer et Alex Vandurme, deux Malonnois, r\u00e9alisent enfin leur r\u00eave : ouvrir une brasserie. Depuis vingt ans, ils brassaient leur bi\u00e8re dans des grandes casseroles, au fond de leur garage. R\u00e9cemment, un appel \u00e0 projet a \u00e9t\u00e9 lanc\u00e9 par la Fabrique d\u2019\u00c9glise pour que la chapelle soit restaur\u00e9e. C\u2019est leur projet qui a \u00e9t\u00e9 retenu en juin dernier. Les travaux devraient d\u00e9buter d\u2019ici peu.<\/p>\n<p style=\"text-align: center;\"><strong><a href=\"http:\/\/www.brasserieduclocher.be\/wa_files\/2015-07-27-La_Meuse.pdf\" target=\"_blank\" rel=\"noopener\">Voir l&#8217;article complet<\/a><\/strong><\/p>\n<p>http:\/\/www.lesoir.be\/958892\/article\/vins\/bieres\/2015-08-10\/chapelle-transformee-en-brasserie<\/p>\n","protected":false},"excerpt":{"rendered":"<p>La chapelle du Piroy \u00e0 Malonne accueillera prochainement la Brasserie du Clocher, d\u2019ici f\u00e9vrier. Port\u00e9e par un duo de deux Malonnois, elle produira des bi\u00e8res artisanales. Les habitants de l\u2019entit\u00e9 semblent favorables au projet. La chapelle du Piroy \u00e0 Malonne abritera prochainement la Brasserie du Clocher. Jean Cheffer et Alex Vandurme, deux Malonnois, r\u00e9alisent enfin [&hellip;]<\/p>\n","protected":false},"author":1,"featured_media":271,"comment_status":"closed","ping_status":"closed","sticky":false,"template":"","format":"aside","meta":{"ngg_post_thumbnail":0,"footnotes":""},"categories":[3],"tags":[],"_links":{"self":[{"href":"https:\/\/brasserieduclocher.be\/philomene\/wp-json\/wp\/v2\/posts\/270"}],"collection":[{"href":"https:\/\/brasserieduclocher.be\/philomene\/wp-json\/wp\/v2\/posts"}],"about":[{"href":"https:\/\/brasserieduclocher.be\/philomene\/wp-json\/wp\/v2\/types\/post"}],"author":[{"embeddable":true,"href":"https:\/\/brasserieduclocher.be\/philomene\/wp-json\/wp\/v2\/users\/1"}],"replies":[{"embeddable":true,"href":"https:\/\/brasserieduclocher.be\/philomene\/wp-json\/wp\/v2\/comments?post=270"}],"version-history":[{"count":2,"href":"https:\/\/brasserieduclocher.be\/philomene\/wp-json\/wp\/v2\/posts\/270\/revisions"}],"predecessor-version":[{"id":1273,"href":"https:\/\/brasserieduclocher.be\/philomene\/wp-json\/wp\/v2\/posts\/270\/revisions\/1273"}],"wp:featuredmedia":[{"embeddable":true,"href":"https:\/\/brasserieduclocher.be\/philomene\/wp-json\/wp\/v2\/media\/271"}],"wp:attachment":[{"href":"https:\/\/brasserieduclocher.be\/philomene\/wp-json\/wp\/v2\/media?parent=270"}],"wp:term":[{"taxonomy":"category","embeddable":true,"href":"https:\/\/brasserieduclocher.be\/philomene\/wp-json\/wp\/v2\/categories?post=270"},{"taxonomy":"post_tag","embeddable":true,"href":"https:\/\/brasserieduclocher.be\/philomene\/wp-json\/wp\/v2\/tags?post=270"}],"curies":[{"name":"wp","href":"https:\/\/api.w.org\/{rel}","templated":true}]}}