{"id":267,"date":"2015-07-30T13:34:15","date_gmt":"2015-07-30T12:34:15","guid":{"rendered":"http:\/\/waregne.be\/philomene\/?p=267"},"modified":"2016-11-05T16:32:29","modified_gmt":"2016-11-05T15:32:29","slug":"une-chapelle-reconvertie-en-micro-brasserie","status":"publish","type":"post","link":"https:\/\/brasserieduclocher.be\/philomene\/une-chapelle-reconvertie-en-micro-brasserie\/","title":{"rendered":"Une chapelle reconvertie en Micro Brasserie"},"content":{"rendered":"<p>Passionn\u00e9s par la bi\u00e8re, et apr\u00e8s avoir longuement cherch\u00e9 o\u00f9 installer leur microbrasserie artisanale, Alex Vandurne, le brasseur amateur, et Jean Cheffert, le gestionnaire, ont jet\u00e9 leur d\u00e9volu sur la chapelle du Piroy \u00e0 Malonne.<\/p>\n<p>Aujourd\u2019hui en fin de d\u00e9sacralisation, l\u2019\u00e9difice est laiss\u00e9 \u00e0 l\u2019abandon depuis plus de six ans et montre un \u00e9tat de d\u00e9labrement avanc\u00e9 qui n\u00e9cessite une intervention rapide si l\u2019on veut sauvegarder le patrimoine. Ce qui n\u2019a pas laiss\u00e9 insensibles les deux artisans brasseurs d\u00e9j\u00e0 bien engag\u00e9s dans la vie associative &#8230;<\/p>\n<p style=\"text-align: center;\"><strong><a href=\"http:\/\/www.brasserieduclocher.be\/wa_files\/2015-07-27-Vers_l_avenir.pdf\" target=\"_blank\">Voir l&#8217;article complet<\/a><\/strong><\/p>\n","protected":false},"excerpt":{"rendered":"<p>Passionn\u00e9s par la bi\u00e8re, et apr\u00e8s avoir longuement cherch\u00e9 o\u00f9 installer leur microbrasserie artisanale, Alex Vandurne, le brasseur amateur, et Jean Cheffert, le gestionnaire, ont jet\u00e9 leur d\u00e9volu sur la chapelle du Piroy \u00e0 Malonne. Aujourd\u2019hui en fin de d\u00e9sacralisation, l\u2019\u00e9difice est laiss\u00e9 \u00e0 l\u2019abandon depuis plus de six ans et montre un \u00e9tat de [&hellip;]<\/p>\n","protected":false},"author":1,"featured_media":268,"comment_status":"closed","ping_status":"closed","sticky":false,"template":"","format":"aside","meta":{"ngg_post_thumbnail":0,"footnotes":""},"categories":[3],"tags":[],"_links":{"self":[{"href":"https:\/\/brasserieduclocher.be\/philomene\/wp-json\/wp\/v2\/posts\/267"}],"collection":[{"href":"https:\/\/brasserieduclocher.be\/philomene\/wp-json\/wp\/v2\/posts"}],"about":[{"href":"https:\/\/brasserieduclocher.be\/philomene\/wp-json\/wp\/v2\/types\/post"}],"author":[{"embeddable":true,"href":"https:\/\/brasserieduclocher.be\/philomene\/wp-json\/wp\/v2\/users\/1"}],"replies":[{"embeddable":true,"href":"https:\/\/brasserieduclocher.be\/philomene\/wp-json\/wp\/v2\/comments?post=267"}],"version-history":[{"count":1,"href":"https:\/\/brasserieduclocher.be\/philomene\/wp-json\/wp\/v2\/posts\/267\/revisions"}],"predecessor-version":[{"id":884,"href":"https:\/\/brasserieduclocher.be\/philomene\/wp-json\/wp\/v2\/posts\/267\/revisions\/884"}],"wp:featuredmedia":[{"embeddable":true,"href":"https:\/\/brasserieduclocher.be\/philomene\/wp-json\/wp\/v2\/media\/268"}],"wp:attachment":[{"href":"https:\/\/brasserieduclocher.be\/philomene\/wp-json\/wp\/v2\/media?parent=267"}],"wp:term":[{"taxonomy":"category","embeddable":true,"href":"https:\/\/brasserieduclocher.be\/philomene\/wp-json\/wp\/v2\/categories?post=267"},{"taxonomy":"post_tag","embeddable":true,"href":"https:\/\/brasserieduclocher.be\/philomene\/wp-json\/wp\/v2\/tags?post=267"}],"curies":[{"name":"wp","href":"https:\/\/api.w.org\/{rel}","templated":true}]}}